{"id":10836,"date":"2024-01-18T16:16:23","date_gmt":"2024-01-18T15:16:23","guid":{"rendered":"https:\/\/ecotechceram.com\/2024\/01\/franzoesisch-norwegisches-forum-fuer-gruene-industrie\/"},"modified":"2024-01-18T16:16:23","modified_gmt":"2024-01-18T15:16:23","slug":"franzoesisch-norwegisches-forum-fuer-gruene-industrie","status":"publish","type":"post","link":"https:\/\/ecotechceram.com\/de\/2024\/01\/franzoesisch-norwegisches-forum-fuer-gruene-industrie\/","title":{"rendered":"Franz\u00f6sisch-norwegisches Forum f\u00fcr gr\u00fcne Industrie"},"content":{"rendered":"<p>Eco-Tech Ceram nahm am franz\u00f6sisch-norwegischen Forum f\u00fcr gr\u00fcne Industrie teil, das von der <a href=\"https:\/\/www.ccfn.no\/\">French-Norwegian Chamber of Commerce in Paris<\/a> organisiert wurde.<\/p>\n<p>Ziel des Tages war es, die Grundlage f\u00fcr eine franz\u00f6sisch-norwegische F\u00fchrungsrolle f\u00fcr eine gr\u00fcnere Industrie zu schaffen, wobei Herausforderungen und L\u00f6sungen angesprochen wurden. Der Schwerpunkt lag auf der Dekarbonisierung bestehender Industrien entlang der gesamten Energiewertsch\u00f6pfungskette und der Schaffung neuer gr\u00fcner Industrien.<\/p>\n<p>Wir sind \u00fcberzeugt, dass <a href=\"https:\/\/ecotechceram.com\/\">Eco-Tech Ceram<\/a> durch die B\u00fcndelung der Kr\u00e4fte mit Norwegen zu beidem beitragen kann, indem :<br \/>\n&#8211; Eine schnelle, effiziente und wettbewerbsf\u00e4hige Dekarbonisierung ihrer Prozessw\u00e4rme<br \/>\n&#8211; Die Entwicklung von Projekten zur massiven Speicherung von erneuerbarem Strom (aus den von Norwegen angek\u00fcndigten Offshore-Windkraftprojekten) in Form von W\u00e4rme. Dadurch kann die Unstetigkeit dieser erneuerbaren Energien ausgeglichen werden.<\/p>\n<p>Das Forum bot Raum f\u00fcr die Entwicklung des Dialogs zwischen politischen Entscheidungstr\u00e4gern, Industrie, akademischen und finanziellen Institutionen und brachte die Partnerschaften und Kooperationsvereinbarungen zwischen Frankreich und Norwegen auf politischer und industrieller Ebene voran.<\/p>\n<p>An diesem franz\u00f6sisch-norwegischen Treffen nahmen der <a href=\"https:\/\/www.entreprises.gouv.fr\/fr\/la-direction-generale-des-entreprises-dge\">Generaldirektor f\u00fcr Unternehmen<\/a>, Thomas Courbe, der norwegische Minister f\u00fcr Handel und Industrie sowie die <a href=\"https:\/\/www.norway.no\/fr\/france\/\">Botschafter Norwegens in Frankreich<\/a> und <a href=\"https:\/\/no.ambafrance.org\/\">Frankreichs in Nor<\/a>wegen teil.<\/p>\n<p>Ein herzliches Dankesch\u00f6n an die Organisatoren der Veranstaltung: <a href=\"https:\/\/www.ccfn.no\/\">French-Norwegian Chamber of Commerce<\/a>, <a href=\"https:\/\/www.norway.no\/fr\/france\/\">La Norv\u00e8ge en France<\/a>, <a href=\"https:\/\/no.ambafrance.org\/\">Franz\u00f6sische Botschaft in<\/a> Norwegen, <a href=\"https:\/\/en.innovasjonnorge.no\/\">Innovation Nor<\/a> way und <a href=\"https:\/\/www.teamfrance-export.fr\/\">Team France Export<\/a>, in Partnerschaft mit <a href=\"https:\/\/www.bpifrance.fr\/\">Bpifrance,<\/a> <a href=\"https:\/\/www.forskningsradet.no\/\">Forskningsradet<\/a> und dem<a href=\"https:\/\/www.institutfrancais.com\/fr\">Institut fran\u00e7ais<\/a>.<\/p>\n","protected":false},"excerpt":{"rendered":"<p>Eco-Tech Ceram nahm am franz\u00f6sisch-norwegischen Forum f\u00fcr gr\u00fcne Industrie teil, [&hellip;]<\/p>\n","protected":false},"author":3,"featured_media":10829,"comment_status":"closed","ping_status":"closed","sticky":false,"template":"","format":"standard","meta":{"_monsterinsights_skip_tracking":false,"_monsterinsights_sitenote_active":false,"_monsterinsights_sitenote_note":"","_monsterinsights_sitenote_category":0,"footnotes":""},"categories":[40],"tags":[],"class_list":["post-10836","post","type-post","status-publish","format-standard","has-post-thumbnail","hentry","category-nachrichten"],"yoast_head":"<!-- This site is optimized with the Yoast SEO plugin v25.9 - https:\/\/yoast.com\/wordpress\/plugins\/seo\/ -->\n<title>Franz\u00f6sisch-norwegisches Forum f\u00fcr gr\u00fcne Industrie<\/title>\n<meta name=\"description\" content=\"Die franz\u00f6sisch-norwegische gr\u00fcne Industrie kann entstehen, indem wir unsere Kr\u00e4fte f\u00fcr die Dekarbonisierung und die Entwicklung von Energiespeichern b\u00fcndeln.\" \/>\n<meta name=\"robots\" content=\"index, follow, max-snippet:-1, max-image-preview:large, max-video-preview:-1\" \/>\n<link rel=\"canonical\" href=\"https:\/\/ecotechceram.com\/de\/2024\/01\/franzoesisch-norwegisches-forum-fuer-gruene-industrie\/\" \/>\n<meta property=\"og:locale\" content=\"de_DE\" \/>\n<meta property=\"og:type\" content=\"article\" \/>\n<meta property=\"og:title\" content=\"Franz\u00f6sisch-norwegisches Forum f\u00fcr gr\u00fcne Industrie\" \/>\n<meta property=\"og:description\" content=\"Die franz\u00f6sisch-norwegische gr\u00fcne Industrie kann entstehen, indem wir unsere Kr\u00e4fte f\u00fcr die Dekarbonisierung und die Entwicklung von Energiespeichern b\u00fcndeln.\" \/>\n<meta property=\"og:url\" content=\"https:\/\/ecotechceram.com\/de\/2024\/01\/franzoesisch-norwegisches-forum-fuer-gruene-industrie\/\" \/>\n<meta property=\"og:site_name\" content=\"Eco-Tech Ceram\" \/>\n<meta property=\"article:publisher\" content=\"https:\/\/m.facebook.com\/ecotechceram\/?locale2=fr_FR\" \/>\n<meta property=\"article:published_time\" content=\"2024-01-18T15:16:23+00:00\" \/>\n<meta property=\"og:image\" content=\"https:\/\/ecotechceram.com\/wp-content\/uploads\/2024\/01\/Forum_franco_norvegien_web-jpg.webp\" \/>\n\t<meta property=\"og:image:width\" content=\"1000\" \/>\n\t<meta property=\"og:image:height\" content=\"665\" \/>\n\t<meta property=\"og:image:type\" content=\"image\/jpeg\" \/>\n<meta name=\"author\" content=\"Fabienne Py-Renaudie\" \/>\n<meta name=\"twitter:card\" content=\"summary_large_image\" \/>\n<meta name=\"twitter:creator\" content=\"@ecotechceram\" \/>\n<meta name=\"twitter:site\" content=\"@ecotechceram\" \/>\n<meta name=\"twitter:label1\" content=\"Verfasst von\" \/>\n\t<meta name=\"twitter:data1\" content=\"Fabienne Py-Renaudie\" \/>\n\t<meta name=\"twitter:label2\" content=\"Gesch\u00e4tzte Lesezeit\" \/>\n\t<meta name=\"twitter:data2\" content=\"1\u00a0Minute\" \/>\n<script type=\"application\/ld+json\" class=\"yoast-schema-graph\">{\"@context\":\"https:\/\/schema.org\",\"@graph\":[{\"@type\":\"Article\",\"@id\":\"https:\/\/ecotechceram.com\/de\/2024\/01\/franzoesisch-norwegisches-forum-fuer-gruene-industrie\/#article\",\"isPartOf\":{\"@id\":\"https:\/\/ecotechceram.com\/de\/2024\/01\/franzoesisch-norwegisches-forum-fuer-gruene-industrie\/\"},\"author\":{\"name\":\"Fabienne Py-Renaudie\",\"@id\":\"https:\/\/ecotechceram.com\/en\/#\/schema\/person\/0c6b7ab8baa632c439e8a6ddf12353af\"},\"headline\":\"Franz\u00f6sisch-norwegisches Forum f\u00fcr gr\u00fcne Industrie\",\"datePublished\":\"2024-01-18T15:16:23+00:00\",\"mainEntityOfPage\":{\"@id\":\"https:\/\/ecotechceram.com\/de\/2024\/01\/franzoesisch-norwegisches-forum-fuer-gruene-industrie\/\"},\"wordCount\":250,\"publisher\":{\"@id\":\"https:\/\/ecotechceram.com\/en\/#organization\"},\"image\":{\"@id\":\"https:\/\/ecotechceram.com\/de\/2024\/01\/franzoesisch-norwegisches-forum-fuer-gruene-industrie\/#primaryimage\"},\"thumbnailUrl\":\"https:\/\/ecotechceram.com\/wp-content\/uploads\/2024\/01\/Forum_franco_norvegien_web-jpg.webp\",\"articleSection\":[\"Nachrichten\"],\"inLanguage\":\"de\"},{\"@type\":\"WebPage\",\"@id\":\"https:\/\/ecotechceram.com\/de\/2024\/01\/franzoesisch-norwegisches-forum-fuer-gruene-industrie\/\",\"url\":\"https:\/\/ecotechceram.com\/de\/2024\/01\/franzoesisch-norwegisches-forum-fuer-gruene-industrie\/\",\"name\":\"Franz\u00f6sisch-norwegisches Forum f\u00fcr gr\u00fcne Industrie\",\"isPartOf\":{\"@id\":\"https:\/\/ecotechceram.com\/en\/#website\"},\"primaryImageOfPage\":{\"@id\":\"https:\/\/ecotechceram.com\/de\/2024\/01\/franzoesisch-norwegisches-forum-fuer-gruene-industrie\/#primaryimage\"},\"image\":{\"@id\":\"https:\/\/ecotechceram.com\/de\/2024\/01\/franzoesisch-norwegisches-forum-fuer-gruene-industrie\/#primaryimage\"},\"thumbnailUrl\":\"https:\/\/ecotechceram.com\/wp-content\/uploads\/2024\/01\/Forum_franco_norvegien_web-jpg.webp\",\"datePublished\":\"2024-01-18T15:16:23+00:00\",\"description\":\"Die franz\u00f6sisch-norwegische gr\u00fcne Industrie kann entstehen, indem wir unsere Kr\u00e4fte f\u00fcr die Dekarbonisierung und die Entwicklung von Energiespeichern b\u00fcndeln.\",\"breadcrumb\":{\"@id\":\"https:\/\/ecotechceram.com\/de\/2024\/01\/franzoesisch-norwegisches-forum-fuer-gruene-industrie\/#breadcrumb\"},\"inLanguage\":\"de\",\"potentialAction\":[{\"@type\":\"ReadAction\",\"target\":[\"https:\/\/ecotechceram.com\/de\/2024\/01\/franzoesisch-norwegisches-forum-fuer-gruene-industrie\/\"]}]},{\"@type\":\"ImageObject\",\"inLanguage\":\"de\",\"@id\":\"https:\/\/ecotechceram.com\/de\/2024\/01\/franzoesisch-norwegisches-forum-fuer-gruene-industrie\/#primaryimage\",\"url\":\"https:\/\/ecotechceram.com\/wp-content\/uploads\/2024\/01\/Forum_franco_norvegien_web-jpg.webp\",\"contentUrl\":\"https:\/\/ecotechceram.com\/wp-content\/uploads\/2024\/01\/Forum_franco_norvegien_web-jpg.webp\",\"width\":1000,\"height\":665,\"caption\":\"Eco-Tech Ceram pr\u00e9sente au forum franco-norv\u00e9gien sur l'industrie verte\"},{\"@type\":\"BreadcrumbList\",\"@id\":\"https:\/\/ecotechceram.com\/de\/2024\/01\/franzoesisch-norwegisches-forum-fuer-gruene-industrie\/#breadcrumb\",\"itemListElement\":[{\"@type\":\"ListItem\",\"position\":1,\"name\":\"Accueil\",\"item\":\"https:\/\/ecotechceram.com\/de\/heim\/\"},{\"@type\":\"ListItem\",\"position\":2,\"name\":\"Franz\u00f6sisch-norwegisches Forum f\u00fcr gr\u00fcne Industrie\"}]},{\"@type\":\"WebSite\",\"@id\":\"https:\/\/ecotechceram.com\/en\/#website\",\"url\":\"https:\/\/ecotechceram.com\/en\/\",\"name\":\"Eco-Tech Ceram\",\"description\":\"La d\u00e9carbonation de l&#039;industrie\",\"publisher\":{\"@id\":\"https:\/\/ecotechceram.com\/en\/#organization\"},\"potentialAction\":[{\"@type\":\"SearchAction\",\"target\":{\"@type\":\"EntryPoint\",\"urlTemplate\":\"https:\/\/ecotechceram.com\/en\/?s={search_term_string}\"},\"query-input\":{\"@type\":\"PropertyValueSpecification\",\"valueRequired\":true,\"valueName\":\"search_term_string\"}}],\"inLanguage\":\"de\"},{\"@type\":\"Organization\",\"@id\":\"https:\/\/ecotechceram.com\/en\/#organization\",\"name\":\"Eco-Tech Ceram\",\"url\":\"https:\/\/ecotechceram.com\/en\/\",\"logo\":{\"@type\":\"ImageObject\",\"inLanguage\":\"de\",\"@id\":\"https:\/\/ecotechceram.com\/en\/#\/schema\/logo\/image\/\",\"url\":\"https:\/\/ecotechceram.com\/wp-content\/uploads\/2021\/07\/ecotechceram-logo-retina.png\",\"contentUrl\":\"https:\/\/ecotechceram.com\/wp-content\/uploads\/2021\/07\/ecotechceram-logo-retina.png\",\"width\":320,\"height\":160,\"caption\":\"Eco-Tech Ceram\"},\"image\":{\"@id\":\"https:\/\/ecotechceram.com\/en\/#\/schema\/logo\/image\/\"},\"sameAs\":[\"https:\/\/m.facebook.com\/ecotechceram\/?locale2=fr_FR\",\"https:\/\/x.com\/ecotechceram\",\"https:\/\/www.linkedin.com\/company\/10251563\"]},{\"@type\":\"Person\",\"@id\":\"https:\/\/ecotechceram.com\/en\/#\/schema\/person\/0c6b7ab8baa632c439e8a6ddf12353af\",\"name\":\"Fabienne Py-Renaudie\",\"image\":{\"@type\":\"ImageObject\",\"inLanguage\":\"de\",\"@id\":\"https:\/\/ecotechceram.com\/en\/#\/schema\/person\/image\/\",\"url\":\"https:\/\/secure.gravatar.com\/avatar\/2a3013157ed6d738f3e577b8d681812a323545cd81d68583fcf18429881a3edd?s=96&d=mm&r=g\",\"contentUrl\":\"https:\/\/secure.gravatar.com\/avatar\/2a3013157ed6d738f3e577b8d681812a323545cd81d68583fcf18429881a3edd?s=96&d=mm&r=g\",\"caption\":\"Fabienne Py-Renaudie\"},\"url\":\"https:\/\/ecotechceram.com\/de\/author\/fabienne\/\"}]}<\/script>\n<!-- \/ Yoast SEO plugin. -->","yoast_head_json":{"title":"Franz\u00f6sisch-norwegisches Forum f\u00fcr gr\u00fcne Industrie","description":"Die franz\u00f6sisch-norwegische gr\u00fcne Industrie kann entstehen, indem wir unsere Kr\u00e4fte f\u00fcr die Dekarbonisierung und die Entwicklung von Energiespeichern b\u00fcndeln.","robots":{"index":"index","follow":"follow","max-snippet":"max-snippet:-1","max-image-preview":"max-image-preview:large","max-video-preview":"max-video-preview:-1"},"canonical":"https:\/\/ecotechceram.com\/de\/2024\/01\/franzoesisch-norwegisches-forum-fuer-gruene-industrie\/","og_locale":"de_DE","og_type":"article","og_title":"Franz\u00f6sisch-norwegisches Forum f\u00fcr gr\u00fcne Industrie","og_description":"Die franz\u00f6sisch-norwegische gr\u00fcne Industrie kann entstehen, indem wir unsere Kr\u00e4fte f\u00fcr die Dekarbonisierung und die Entwicklung von Energiespeichern b\u00fcndeln.","og_url":"https:\/\/ecotechceram.com\/de\/2024\/01\/franzoesisch-norwegisches-forum-fuer-gruene-industrie\/","og_site_name":"Eco-Tech Ceram","article_publisher":"https:\/\/m.facebook.com\/ecotechceram\/?locale2=fr_FR","article_published_time":"2024-01-18T15:16:23+00:00","og_image":[{"width":1000,"height":665,"url":"https:\/\/ecotechceram.com\/wp-content\/uploads\/2024\/01\/Forum_franco_norvegien_web-jpg.webp","type":"image\/jpeg"}],"author":"Fabienne Py-Renaudie","twitter_card":"summary_large_image","twitter_creator":"@ecotechceram","twitter_site":"@ecotechceram","twitter_misc":{"Verfasst von":"Fabienne Py-Renaudie","Gesch\u00e4tzte Lesezeit":"1\u00a0Minute"},"schema":{"@context":"https:\/\/schema.org","@graph":[{"@type":"Article","@id":"https:\/\/ecotechceram.com\/de\/2024\/01\/franzoesisch-norwegisches-forum-fuer-gruene-industrie\/#article","isPartOf":{"@id":"https:\/\/ecotechceram.com\/de\/2024\/01\/franzoesisch-norwegisches-forum-fuer-gruene-industrie\/"},"author":{"name":"Fabienne Py-Renaudie","@id":"https:\/\/ecotechceram.com\/en\/#\/schema\/person\/0c6b7ab8baa632c439e8a6ddf12353af"},"headline":"Franz\u00f6sisch-norwegisches Forum f\u00fcr gr\u00fcne Industrie","datePublished":"2024-01-18T15:16:23+00:00","mainEntityOfPage":{"@id":"https:\/\/ecotechceram.com\/de\/2024\/01\/franzoesisch-norwegisches-forum-fuer-gruene-industrie\/"},"wordCount":250,"publisher":{"@id":"https:\/\/ecotechceram.com\/en\/#organization"},"image":{"@id":"https:\/\/ecotechceram.com\/de\/2024\/01\/franzoesisch-norwegisches-forum-fuer-gruene-industrie\/#primaryimage"},"thumbnailUrl":"https:\/\/ecotechceram.com\/wp-content\/uploads\/2024\/01\/Forum_franco_norvegien_web-jpg.webp","articleSection":["Nachrichten"],"inLanguage":"de"},{"@type":"WebPage","@id":"https:\/\/ecotechceram.com\/de\/2024\/01\/franzoesisch-norwegisches-forum-fuer-gruene-industrie\/","url":"https:\/\/ecotechceram.com\/de\/2024\/01\/franzoesisch-norwegisches-forum-fuer-gruene-industrie\/","name":"Franz\u00f6sisch-norwegisches Forum f\u00fcr gr\u00fcne Industrie","isPartOf":{"@id":"https:\/\/ecotechceram.com\/en\/#website"},"primaryImageOfPage":{"@id":"https:\/\/ecotechceram.com\/de\/2024\/01\/franzoesisch-norwegisches-forum-fuer-gruene-industrie\/#primaryimage"},"image":{"@id":"https:\/\/ecotechceram.com\/de\/2024\/01\/franzoesisch-norwegisches-forum-fuer-gruene-industrie\/#primaryimage"},"thumbnailUrl":"https:\/\/ecotechceram.com\/wp-content\/uploads\/2024\/01\/Forum_franco_norvegien_web-jpg.webp","datePublished":"2024-01-18T15:16:23+00:00","description":"Die franz\u00f6sisch-norwegische gr\u00fcne Industrie kann entstehen, indem wir unsere Kr\u00e4fte f\u00fcr die Dekarbonisierung und die Entwicklung von Energiespeichern b\u00fcndeln.","breadcrumb":{"@id":"https:\/\/ecotechceram.com\/de\/2024\/01\/franzoesisch-norwegisches-forum-fuer-gruene-industrie\/#breadcrumb"},"inLanguage":"de","potentialAction":[{"@type":"ReadAction","target":["https:\/\/ecotechceram.com\/de\/2024\/01\/franzoesisch-norwegisches-forum-fuer-gruene-industrie\/"]}]},{"@type":"ImageObject","inLanguage":"de","@id":"https:\/\/ecotechceram.com\/de\/2024\/01\/franzoesisch-norwegisches-forum-fuer-gruene-industrie\/#primaryimage","url":"https:\/\/ecotechceram.com\/wp-content\/uploads\/2024\/01\/Forum_franco_norvegien_web-jpg.webp","contentUrl":"https:\/\/ecotechceram.com\/wp-content\/uploads\/2024\/01\/Forum_franco_norvegien_web-jpg.webp","width":1000,"height":665,"caption":"Eco-Tech Ceram pr\u00e9sente au forum franco-norv\u00e9gien sur l'industrie verte"},{"@type":"BreadcrumbList","@id":"https:\/\/ecotechceram.com\/de\/2024\/01\/franzoesisch-norwegisches-forum-fuer-gruene-industrie\/#breadcrumb","itemListElement":[{"@type":"ListItem","position":1,"name":"Accueil","item":"https:\/\/ecotechceram.com\/de\/heim\/"},{"@type":"ListItem","position":2,"name":"Franz\u00f6sisch-norwegisches Forum f\u00fcr gr\u00fcne Industrie"}]},{"@type":"WebSite","@id":"https:\/\/ecotechceram.com\/en\/#website","url":"https:\/\/ecotechceram.com\/en\/","name":"Eco-Tech Ceram","description":"La d\u00e9carbonation de l&#039;industrie","publisher":{"@id":"https:\/\/ecotechceram.com\/en\/#organization"},"potentialAction":[{"@type":"SearchAction","target":{"@type":"EntryPoint","urlTemplate":"https:\/\/ecotechceram.com\/en\/?s={search_term_string}"},"query-input":{"@type":"PropertyValueSpecification","valueRequired":true,"valueName":"search_term_string"}}],"inLanguage":"de"},{"@type":"Organization","@id":"https:\/\/ecotechceram.com\/en\/#organization","name":"Eco-Tech Ceram","url":"https:\/\/ecotechceram.com\/en\/","logo":{"@type":"ImageObject","inLanguage":"de","@id":"https:\/\/ecotechceram.com\/en\/#\/schema\/logo\/image\/","url":"https:\/\/ecotechceram.com\/wp-content\/uploads\/2021\/07\/ecotechceram-logo-retina.png","contentUrl":"https:\/\/ecotechceram.com\/wp-content\/uploads\/2021\/07\/ecotechceram-logo-retina.png","width":320,"height":160,"caption":"Eco-Tech Ceram"},"image":{"@id":"https:\/\/ecotechceram.com\/en\/#\/schema\/logo\/image\/"},"sameAs":["https:\/\/m.facebook.com\/ecotechceram\/?locale2=fr_FR","https:\/\/x.com\/ecotechceram","https:\/\/www.linkedin.com\/company\/10251563"]},{"@type":"Person","@id":"https:\/\/ecotechceram.com\/en\/#\/schema\/person\/0c6b7ab8baa632c439e8a6ddf12353af","name":"Fabienne Py-Renaudie","image":{"@type":"ImageObject","inLanguage":"de","@id":"https:\/\/ecotechceram.com\/en\/#\/schema\/person\/image\/","url":"https:\/\/secure.gravatar.com\/avatar\/2a3013157ed6d738f3e577b8d681812a323545cd81d68583fcf18429881a3edd?s=96&d=mm&r=g","contentUrl":"https:\/\/secure.gravatar.com\/avatar\/2a3013157ed6d738f3e577b8d681812a323545cd81d68583fcf18429881a3edd?s=96&d=mm&r=g","caption":"Fabienne Py-Renaudie"},"url":"https:\/\/ecotechceram.com\/de\/author\/fabienne\/"}]}},"_links":{"self":[{"href":"https:\/\/ecotechceram.com\/de\/wp-json\/wp\/v2\/posts\/10836","targetHints":{"allow":["GET"]}}],"collection":[{"href":"https:\/\/ecotechceram.com\/de\/wp-json\/wp\/v2\/posts"}],"about":[{"href":"https:\/\/ecotechceram.com\/de\/wp-json\/wp\/v2\/types\/post"}],"author":[{"embeddable":true,"href":"https:\/\/ecotechceram.com\/de\/wp-json\/wp\/v2\/users\/3"}],"replies":[{"embeddable":true,"href":"https:\/\/ecotechceram.com\/de\/wp-json\/wp\/v2\/comments?post=10836"}],"version-history":[{"count":0,"href":"https:\/\/ecotechceram.com\/de\/wp-json\/wp\/v2\/posts\/10836\/revisions"}],"wp:featuredmedia":[{"embeddable":true,"href":"https:\/\/ecotechceram.com\/de\/wp-json\/wp\/v2\/media\/10829"}],"wp:attachment":[{"href":"https:\/\/ecotechceram.com\/de\/wp-json\/wp\/v2\/media?parent=10836"}],"wp:term":[{"taxonomy":"category","embeddable":true,"href":"https:\/\/ecotechceram.com\/de\/wp-json\/wp\/v2\/categories?post=10836"},{"taxonomy":"post_tag","embeddable":true,"href":"https:\/\/ecotechceram.com\/de\/wp-json\/wp\/v2\/tags?post=10836"}],"curies":[{"name":"wp","href":"https:\/\/api.w.org\/{rel}","templated":true}]}}