{"id":10815,"date":"2024-01-17T14:46:01","date_gmt":"2024-01-17T13:46:01","guid":{"rendered":"https:\/\/ecotechceram.com\/2024\/01\/eco-tech-ceram-accelerato-dalleuropa\/"},"modified":"2024-02-01T15:33:09","modified_gmt":"2024-02-01T14:33:09","slug":"eco-tech-ceram-accelerato-dalleuropa","status":"publish","type":"post","link":"https:\/\/ecotechceram.com\/it\/2024\/01\/eco-tech-ceram-accelerato-dalleuropa\/","title":{"rendered":"Eco-Tech Ceram vincitore di un programma europeo"},"content":{"rendered":"<p>Siamo molto orgogliosi di essere i vincitori di un altro programma europeo! <strong><a href=\"https:\/\/ec.europa.eu\/commission\/presscorner\/detail\/en\/ip_23_6720\">Solo 3 aziende francesi sono state selezionate<\/a> dalla <a href=\"https:\/\/commission.europa.eu\/index_fr\">Commissione europea<\/a>.<\/strong><\/p>\n<p>La <a href=\"https:\/\/commission.europa.eu\/index_fr\">Commissione europea<\/a> ha fiducia in noi da 10 anni, attraverso vari programmi di finanziamento nell&#8217;ambito di altri programmi europei che sono stati successi tecnologici e industriali, come nel caso di <a href=\"https:\/\/www.villeroy-boch.fr\/\">Villeroy &amp; Boch<\/a>. Questo conferma la nostra posizione di leader europeo nella decarbonizzazione dell&#8217;industria!<\/p>\n<p>Il progetto di vetrina tecnologica di <a href=\"https:\/\/ecotechceram.com\/\">Eco-Tech Ceram<\/a>, del valore di 6,5 milioni di euro, sar\u00e0 utilizzato per sviluppare un hub energetico di calore-elettricit\u00e0 dotato di algoritmi per ottimizzare gli OPEX. Questa soluzione sar\u00e0 la prima al mondo nel suo genere e consentir\u00e0 di risparmiare quasi 4.000 t\/anno di CO2. Grazie alla modularit\u00e0 e alla standardizzazione, questa soluzione pu\u00f2 essere duplicata in un gran numero di siti industriali.<\/p>\n<p>Le soluzioni che svilupperemo sono pensate per le aziende industriali che consumano grandi quantit\u00e0 di energia, in particolare gas, per decarbonizzare i loro impianti di produzione nel modo pi\u00f9 conveniente possibile. L&#8217;obiettivo \u00e8 quello di immettere sul mercato strumenti per decarbonizzare l&#8217;industria europea e sostenere la sua transizione energetica verso la neutralit\u00e0 del carbonio, promuovendo al contempo la sua competitivit\u00e0.<\/p>\n","protected":false},"excerpt":{"rendered":"<p>Siamo molto orgogliosi di essere i vincitori di un altro [&hellip;]<\/p>\n","protected":false},"author":3,"featured_media":10811,"comment_status":"closed","ping_status":"closed","sticky":false,"template":"","format":"standard","meta":{"_monsterinsights_skip_tracking":false,"_monsterinsights_sitenote_active":false,"_monsterinsights_sitenote_note":"","_monsterinsights_sitenote_category":0,"footnotes":""},"categories":[54],"tags":[],"class_list":["post-10815","post","type-post","status-publish","format-standard","has-post-thumbnail","hentry","category-notizia"],"yoast_head":"<!-- This site is optimized with the Yoast SEO plugin v25.9 - https:\/\/yoast.com\/wordpress\/plugins\/seo\/ -->\n<title>-<\/title>\n<meta name=\"description\" content=\"Eco-Tech Ceram vince un nuovo programma europeo! Verr\u00e0 utilizzato per sviluppare un polo energetico calore-elettricit\u00e0.\" \/>\n<meta name=\"robots\" content=\"index, follow, max-snippet:-1, max-image-preview:large, max-video-preview:-1\" \/>\n<link rel=\"canonical\" href=\"https:\/\/ecotechceram.com\/it\/2024\/01\/eco-tech-ceram-accelerato-dalleuropa\/\" \/>\n<meta property=\"og:locale\" content=\"it_IT\" \/>\n<meta property=\"og:type\" content=\"article\" \/>\n<meta property=\"og:title\" content=\"-\" \/>\n<meta property=\"og:description\" content=\"Eco-Tech Ceram vince un nuovo programma europeo! Verr\u00e0 utilizzato per sviluppare un polo energetico calore-elettricit\u00e0.\" \/>\n<meta property=\"og:url\" content=\"https:\/\/ecotechceram.com\/it\/2024\/01\/eco-tech-ceram-accelerato-dalleuropa\/\" \/>\n<meta property=\"og:site_name\" content=\"Eco-Tech Ceram\" \/>\n<meta property=\"article:publisher\" content=\"https:\/\/m.facebook.com\/ecotechceram\/?locale2=fr_FR\" \/>\n<meta property=\"article:published_time\" content=\"2024-01-17T13:46:01+00:00\" \/>\n<meta property=\"article:modified_time\" content=\"2024-02-01T14:33:09+00:00\" \/>\n<meta property=\"og:image\" content=\"https:\/\/ecotechceram.com\/wp-content\/uploads\/2024\/01\/MITIGAT_web-jpg.webp\" \/>\n\t<meta property=\"og:image:width\" content=\"1000\" \/>\n\t<meta property=\"og:image:height\" content=\"665\" \/>\n\t<meta property=\"og:image:type\" content=\"image\/jpeg\" \/>\n<meta name=\"author\" content=\"Fabienne Py-Renaudie\" \/>\n<meta name=\"twitter:card\" content=\"summary_large_image\" \/>\n<meta name=\"twitter:creator\" content=\"@ecotechceram\" \/>\n<meta name=\"twitter:site\" content=\"@ecotechceram\" \/>\n<meta name=\"twitter:label1\" content=\"Scritto da\" \/>\n\t<meta name=\"twitter:data1\" content=\"Fabienne Py-Renaudie\" \/>\n\t<meta name=\"twitter:label2\" content=\"Tempo di lettura stimato\" \/>\n\t<meta name=\"twitter:data2\" content=\"1 minuto\" \/>\n<script type=\"application\/ld+json\" class=\"yoast-schema-graph\">{\"@context\":\"https:\/\/schema.org\",\"@graph\":[{\"@type\":\"Article\",\"@id\":\"https:\/\/ecotechceram.com\/it\/2024\/01\/eco-tech-ceram-accelerato-dalleuropa\/#article\",\"isPartOf\":{\"@id\":\"https:\/\/ecotechceram.com\/it\/2024\/01\/eco-tech-ceram-accelerato-dalleuropa\/\"},\"author\":{\"name\":\"Fabienne Py-Renaudie\",\"@id\":\"https:\/\/ecotechceram.com\/en\/#\/schema\/person\/0c6b7ab8baa632c439e8a6ddf12353af\"},\"headline\":\"Eco-Tech Ceram vincitore di un programma europeo\",\"datePublished\":\"2024-01-17T13:46:01+00:00\",\"dateModified\":\"2024-02-01T14:33:09+00:00\",\"mainEntityOfPage\":{\"@id\":\"https:\/\/ecotechceram.com\/it\/2024\/01\/eco-tech-ceram-accelerato-dalleuropa\/\"},\"wordCount\":202,\"publisher\":{\"@id\":\"https:\/\/ecotechceram.com\/en\/#organization\"},\"image\":{\"@id\":\"https:\/\/ecotechceram.com\/it\/2024\/01\/eco-tech-ceram-accelerato-dalleuropa\/#primaryimage\"},\"thumbnailUrl\":\"https:\/\/ecotechceram.com\/wp-content\/uploads\/2024\/01\/MITIGAT_web-jpg.webp\",\"articleSection\":[\"Notizia\"],\"inLanguage\":\"it-IT\"},{\"@type\":\"WebPage\",\"@id\":\"https:\/\/ecotechceram.com\/it\/2024\/01\/eco-tech-ceram-accelerato-dalleuropa\/\",\"url\":\"https:\/\/ecotechceram.com\/it\/2024\/01\/eco-tech-ceram-accelerato-dalleuropa\/\",\"name\":\"-\",\"isPartOf\":{\"@id\":\"https:\/\/ecotechceram.com\/en\/#website\"},\"primaryImageOfPage\":{\"@id\":\"https:\/\/ecotechceram.com\/it\/2024\/01\/eco-tech-ceram-accelerato-dalleuropa\/#primaryimage\"},\"image\":{\"@id\":\"https:\/\/ecotechceram.com\/it\/2024\/01\/eco-tech-ceram-accelerato-dalleuropa\/#primaryimage\"},\"thumbnailUrl\":\"https:\/\/ecotechceram.com\/wp-content\/uploads\/2024\/01\/MITIGAT_web-jpg.webp\",\"datePublished\":\"2024-01-17T13:46:01+00:00\",\"dateModified\":\"2024-02-01T14:33:09+00:00\",\"description\":\"Eco-Tech Ceram vince un nuovo programma europeo! Verr\u00e0 utilizzato per sviluppare un polo energetico calore-elettricit\u00e0.\",\"breadcrumb\":{\"@id\":\"https:\/\/ecotechceram.com\/it\/2024\/01\/eco-tech-ceram-accelerato-dalleuropa\/#breadcrumb\"},\"inLanguage\":\"it-IT\",\"potentialAction\":[{\"@type\":\"ReadAction\",\"target\":[\"https:\/\/ecotechceram.com\/it\/2024\/01\/eco-tech-ceram-accelerato-dalleuropa\/\"]}]},{\"@type\":\"ImageObject\",\"inLanguage\":\"it-IT\",\"@id\":\"https:\/\/ecotechceram.com\/it\/2024\/01\/eco-tech-ceram-accelerato-dalleuropa\/#primaryimage\",\"url\":\"https:\/\/ecotechceram.com\/wp-content\/uploads\/2024\/01\/MITIGAT_web-jpg.webp\",\"contentUrl\":\"https:\/\/ecotechceram.com\/wp-content\/uploads\/2024\/01\/MITIGAT_web-jpg.webp\",\"width\":1000,\"height\":665,\"caption\":\"Image satellite du r\u00e9seau \u00e9lectrique de l'Europe\"},{\"@type\":\"BreadcrumbList\",\"@id\":\"https:\/\/ecotechceram.com\/it\/2024\/01\/eco-tech-ceram-accelerato-dalleuropa\/#breadcrumb\",\"itemListElement\":[{\"@type\":\"ListItem\",\"position\":1,\"name\":\"Accueil\",\"item\":\"https:\/\/ecotechceram.com\/it\/casa\/\"},{\"@type\":\"ListItem\",\"position\":2,\"name\":\"Eco-Tech Ceram vincitore di un programma europeo\"}]},{\"@type\":\"WebSite\",\"@id\":\"https:\/\/ecotechceram.com\/en\/#website\",\"url\":\"https:\/\/ecotechceram.com\/en\/\",\"name\":\"Eco-Tech Ceram\",\"description\":\"La d\u00e9carbonation de l&#039;industrie\",\"publisher\":{\"@id\":\"https:\/\/ecotechceram.com\/en\/#organization\"},\"potentialAction\":[{\"@type\":\"SearchAction\",\"target\":{\"@type\":\"EntryPoint\",\"urlTemplate\":\"https:\/\/ecotechceram.com\/en\/?s={search_term_string}\"},\"query-input\":{\"@type\":\"PropertyValueSpecification\",\"valueRequired\":true,\"valueName\":\"search_term_string\"}}],\"inLanguage\":\"it-IT\"},{\"@type\":\"Organization\",\"@id\":\"https:\/\/ecotechceram.com\/en\/#organization\",\"name\":\"Eco-Tech Ceram\",\"url\":\"https:\/\/ecotechceram.com\/en\/\",\"logo\":{\"@type\":\"ImageObject\",\"inLanguage\":\"it-IT\",\"@id\":\"https:\/\/ecotechceram.com\/en\/#\/schema\/logo\/image\/\",\"url\":\"https:\/\/ecotechceram.com\/wp-content\/uploads\/2021\/07\/ecotechceram-logo-retina.png\",\"contentUrl\":\"https:\/\/ecotechceram.com\/wp-content\/uploads\/2021\/07\/ecotechceram-logo-retina.png\",\"width\":320,\"height\":160,\"caption\":\"Eco-Tech Ceram\"},\"image\":{\"@id\":\"https:\/\/ecotechceram.com\/en\/#\/schema\/logo\/image\/\"},\"sameAs\":[\"https:\/\/m.facebook.com\/ecotechceram\/?locale2=fr_FR\",\"https:\/\/x.com\/ecotechceram\",\"https:\/\/www.linkedin.com\/company\/10251563\"]},{\"@type\":\"Person\",\"@id\":\"https:\/\/ecotechceram.com\/en\/#\/schema\/person\/0c6b7ab8baa632c439e8a6ddf12353af\",\"name\":\"Fabienne Py-Renaudie\",\"image\":{\"@type\":\"ImageObject\",\"inLanguage\":\"it-IT\",\"@id\":\"https:\/\/ecotechceram.com\/en\/#\/schema\/person\/image\/\",\"url\":\"https:\/\/secure.gravatar.com\/avatar\/2a3013157ed6d738f3e577b8d681812a323545cd81d68583fcf18429881a3edd?s=96&d=mm&r=g\",\"contentUrl\":\"https:\/\/secure.gravatar.com\/avatar\/2a3013157ed6d738f3e577b8d681812a323545cd81d68583fcf18429881a3edd?s=96&d=mm&r=g\",\"caption\":\"Fabienne Py-Renaudie\"},\"url\":\"https:\/\/ecotechceram.com\/it\/author\/fabienne\/\"}]}<\/script>\n<!-- \/ Yoast SEO plugin. -->","yoast_head_json":{"title":"-","description":"Eco-Tech Ceram vince un nuovo programma europeo! Verr\u00e0 utilizzato per sviluppare un polo energetico calore-elettricit\u00e0.","robots":{"index":"index","follow":"follow","max-snippet":"max-snippet:-1","max-image-preview":"max-image-preview:large","max-video-preview":"max-video-preview:-1"},"canonical":"https:\/\/ecotechceram.com\/it\/2024\/01\/eco-tech-ceram-accelerato-dalleuropa\/","og_locale":"it_IT","og_type":"article","og_title":"-","og_description":"Eco-Tech Ceram vince un nuovo programma europeo! Verr\u00e0 utilizzato per sviluppare un polo energetico calore-elettricit\u00e0.","og_url":"https:\/\/ecotechceram.com\/it\/2024\/01\/eco-tech-ceram-accelerato-dalleuropa\/","og_site_name":"Eco-Tech Ceram","article_publisher":"https:\/\/m.facebook.com\/ecotechceram\/?locale2=fr_FR","article_published_time":"2024-01-17T13:46:01+00:00","article_modified_time":"2024-02-01T14:33:09+00:00","og_image":[{"width":1000,"height":665,"url":"https:\/\/ecotechceram.com\/wp-content\/uploads\/2024\/01\/MITIGAT_web-jpg.webp","type":"image\/jpeg"}],"author":"Fabienne Py-Renaudie","twitter_card":"summary_large_image","twitter_creator":"@ecotechceram","twitter_site":"@ecotechceram","twitter_misc":{"Scritto da":"Fabienne Py-Renaudie","Tempo di lettura stimato":"1 minuto"},"schema":{"@context":"https:\/\/schema.org","@graph":[{"@type":"Article","@id":"https:\/\/ecotechceram.com\/it\/2024\/01\/eco-tech-ceram-accelerato-dalleuropa\/#article","isPartOf":{"@id":"https:\/\/ecotechceram.com\/it\/2024\/01\/eco-tech-ceram-accelerato-dalleuropa\/"},"author":{"name":"Fabienne Py-Renaudie","@id":"https:\/\/ecotechceram.com\/en\/#\/schema\/person\/0c6b7ab8baa632c439e8a6ddf12353af"},"headline":"Eco-Tech Ceram vincitore di un programma europeo","datePublished":"2024-01-17T13:46:01+00:00","dateModified":"2024-02-01T14:33:09+00:00","mainEntityOfPage":{"@id":"https:\/\/ecotechceram.com\/it\/2024\/01\/eco-tech-ceram-accelerato-dalleuropa\/"},"wordCount":202,"publisher":{"@id":"https:\/\/ecotechceram.com\/en\/#organization"},"image":{"@id":"https:\/\/ecotechceram.com\/it\/2024\/01\/eco-tech-ceram-accelerato-dalleuropa\/#primaryimage"},"thumbnailUrl":"https:\/\/ecotechceram.com\/wp-content\/uploads\/2024\/01\/MITIGAT_web-jpg.webp","articleSection":["Notizia"],"inLanguage":"it-IT"},{"@type":"WebPage","@id":"https:\/\/ecotechceram.com\/it\/2024\/01\/eco-tech-ceram-accelerato-dalleuropa\/","url":"https:\/\/ecotechceram.com\/it\/2024\/01\/eco-tech-ceram-accelerato-dalleuropa\/","name":"-","isPartOf":{"@id":"https:\/\/ecotechceram.com\/en\/#website"},"primaryImageOfPage":{"@id":"https:\/\/ecotechceram.com\/it\/2024\/01\/eco-tech-ceram-accelerato-dalleuropa\/#primaryimage"},"image":{"@id":"https:\/\/ecotechceram.com\/it\/2024\/01\/eco-tech-ceram-accelerato-dalleuropa\/#primaryimage"},"thumbnailUrl":"https:\/\/ecotechceram.com\/wp-content\/uploads\/2024\/01\/MITIGAT_web-jpg.webp","datePublished":"2024-01-17T13:46:01+00:00","dateModified":"2024-02-01T14:33:09+00:00","description":"Eco-Tech Ceram vince un nuovo programma europeo! Verr\u00e0 utilizzato per sviluppare un polo energetico calore-elettricit\u00e0.","breadcrumb":{"@id":"https:\/\/ecotechceram.com\/it\/2024\/01\/eco-tech-ceram-accelerato-dalleuropa\/#breadcrumb"},"inLanguage":"it-IT","potentialAction":[{"@type":"ReadAction","target":["https:\/\/ecotechceram.com\/it\/2024\/01\/eco-tech-ceram-accelerato-dalleuropa\/"]}]},{"@type":"ImageObject","inLanguage":"it-IT","@id":"https:\/\/ecotechceram.com\/it\/2024\/01\/eco-tech-ceram-accelerato-dalleuropa\/#primaryimage","url":"https:\/\/ecotechceram.com\/wp-content\/uploads\/2024\/01\/MITIGAT_web-jpg.webp","contentUrl":"https:\/\/ecotechceram.com\/wp-content\/uploads\/2024\/01\/MITIGAT_web-jpg.webp","width":1000,"height":665,"caption":"Image satellite du r\u00e9seau \u00e9lectrique de l'Europe"},{"@type":"BreadcrumbList","@id":"https:\/\/ecotechceram.com\/it\/2024\/01\/eco-tech-ceram-accelerato-dalleuropa\/#breadcrumb","itemListElement":[{"@type":"ListItem","position":1,"name":"Accueil","item":"https:\/\/ecotechceram.com\/it\/casa\/"},{"@type":"ListItem","position":2,"name":"Eco-Tech Ceram vincitore di un programma europeo"}]},{"@type":"WebSite","@id":"https:\/\/ecotechceram.com\/en\/#website","url":"https:\/\/ecotechceram.com\/en\/","name":"Eco-Tech Ceram","description":"La d\u00e9carbonation de l&#039;industrie","publisher":{"@id":"https:\/\/ecotechceram.com\/en\/#organization"},"potentialAction":[{"@type":"SearchAction","target":{"@type":"EntryPoint","urlTemplate":"https:\/\/ecotechceram.com\/en\/?s={search_term_string}"},"query-input":{"@type":"PropertyValueSpecification","valueRequired":true,"valueName":"search_term_string"}}],"inLanguage":"it-IT"},{"@type":"Organization","@id":"https:\/\/ecotechceram.com\/en\/#organization","name":"Eco-Tech Ceram","url":"https:\/\/ecotechceram.com\/en\/","logo":{"@type":"ImageObject","inLanguage":"it-IT","@id":"https:\/\/ecotechceram.com\/en\/#\/schema\/logo\/image\/","url":"https:\/\/ecotechceram.com\/wp-content\/uploads\/2021\/07\/ecotechceram-logo-retina.png","contentUrl":"https:\/\/ecotechceram.com\/wp-content\/uploads\/2021\/07\/ecotechceram-logo-retina.png","width":320,"height":160,"caption":"Eco-Tech Ceram"},"image":{"@id":"https:\/\/ecotechceram.com\/en\/#\/schema\/logo\/image\/"},"sameAs":["https:\/\/m.facebook.com\/ecotechceram\/?locale2=fr_FR","https:\/\/x.com\/ecotechceram","https:\/\/www.linkedin.com\/company\/10251563"]},{"@type":"Person","@id":"https:\/\/ecotechceram.com\/en\/#\/schema\/person\/0c6b7ab8baa632c439e8a6ddf12353af","name":"Fabienne Py-Renaudie","image":{"@type":"ImageObject","inLanguage":"it-IT","@id":"https:\/\/ecotechceram.com\/en\/#\/schema\/person\/image\/","url":"https:\/\/secure.gravatar.com\/avatar\/2a3013157ed6d738f3e577b8d681812a323545cd81d68583fcf18429881a3edd?s=96&d=mm&r=g","contentUrl":"https:\/\/secure.gravatar.com\/avatar\/2a3013157ed6d738f3e577b8d681812a323545cd81d68583fcf18429881a3edd?s=96&d=mm&r=g","caption":"Fabienne Py-Renaudie"},"url":"https:\/\/ecotechceram.com\/it\/author\/fabienne\/"}]}},"_links":{"self":[{"href":"https:\/\/ecotechceram.com\/it\/wp-json\/wp\/v2\/posts\/10815","targetHints":{"allow":["GET"]}}],"collection":[{"href":"https:\/\/ecotechceram.com\/it\/wp-json\/wp\/v2\/posts"}],"about":[{"href":"https:\/\/ecotechceram.com\/it\/wp-json\/wp\/v2\/types\/post"}],"author":[{"embeddable":true,"href":"https:\/\/ecotechceram.com\/it\/wp-json\/wp\/v2\/users\/3"}],"replies":[{"embeddable":true,"href":"https:\/\/ecotechceram.com\/it\/wp-json\/wp\/v2\/comments?post=10815"}],"version-history":[{"count":3,"href":"https:\/\/ecotechceram.com\/it\/wp-json\/wp\/v2\/posts\/10815\/revisions"}],"predecessor-version":[{"id":10952,"href":"https:\/\/ecotechceram.com\/it\/wp-json\/wp\/v2\/posts\/10815\/revisions\/10952"}],"wp:featuredmedia":[{"embeddable":true,"href":"https:\/\/ecotechceram.com\/it\/wp-json\/wp\/v2\/media\/10811"}],"wp:attachment":[{"href":"https:\/\/ecotechceram.com\/it\/wp-json\/wp\/v2\/media?parent=10815"}],"wp:term":[{"taxonomy":"category","embeddable":true,"href":"https:\/\/ecotechceram.com\/it\/wp-json\/wp\/v2\/categories?post=10815"},{"taxonomy":"post_tag","embeddable":true,"href":"https:\/\/ecotechceram.com\/it\/wp-json\/wp\/v2\/tags?post=10815"}],"curies":[{"name":"wp","href":"https:\/\/api.w.org\/{rel}","templated":true}]}}